{"id":14290,"date":"2026-04-09T12:34:26","date_gmt":"2026-04-09T10:34:26","guid":{"rendered":"https:\/\/cipecar.org\/desarrolloapp\/?p=14290"},"modified":"2026-04-09T12:34:29","modified_gmt":"2026-04-09T10:34:29","slug":"lectura-del-dia-13-de-abril-3","status":"publish","type":"post","link":"https:\/\/cipecar.org\/desarrolloapp\/2026\/04\/09\/lectura-del-dia-13-de-abril-3\/","title":{"rendered":"Lectura del d\u00eda 13 de abril"},"content":{"rendered":"\n<p><strong>LUNES DE LA SEGUNDA SEMANA DE PASCUA<\/strong><\/p>\n\n\n\n<p><strong>MOTIVACI\u00d3N<\/strong><\/p>\n\n\n\n<p>Se\u00f1or Jes\u00fas, con la luz pascual nos invitas a comenzar de nuevo. Como a Nicodemo, nos llamas en la noche de nuestras dudas y nos conduces hacia el amanecer del Esp\u00edritu. Haznos comprender que la fe no es solo saber, sino nacer de lo alto; no es esfuerzo humano, sino don que brota de tu Pascua. Sopla hoy sobre nuestra pobreza y despierta en nosotros el deseo de una vida renovada. Que tu Esp\u00edritu nos regenere por dentro y nos conceda un coraz\u00f3n nuevo.<\/p>\n\n\n\n<p><strong>DEL EVANGELIO DE SAN JUAN 3, 1-8<\/strong><\/p>\n\n\n\n<p>Hab\u00eda un hombre del grupo de los fariseos llamado Nicodemo, jefe jud\u00edo. Este fue a ver a Jes\u00fas de noche y le dijo:<br>\u00abRab\u00ed, sabemos que has venido de parte de Dios, como maestro; porque nadie puede hacer los signos que t\u00fa haces si Dios no est\u00e1 con \u00e9l\u00bb.<br>Jes\u00fas le contest\u00f3:<br>\u00abEn verdad, en verdad te digo: el que no nazca de nuevo no puede ver el reino de Dios\u00bb.<br>Nicodemo le pregunta:<br>\u00ab\u00bfC\u00f3mo puede nacer un hombre siendo viejo? \u00bfAcaso puede por segunda vez entrar en el vientre de su madre y nacer?\u00bb.<br>Jes\u00fas le contest\u00f3:<br>\u00abEn verdad, en verdad te digo: el que no nazca de agua y de Esp\u00edritu no puede entrar en el reino de Dios. Lo que nace de la carne es carne, lo que nace del Esp\u00edritu es esp\u00edritu. No te extra\u00f1es de que te haya dicho: \u201cTen\u00e9is que nacer de nuevo\u201d; el viento sopla donde quiere y oyes su ruido, pero no sabemos de d\u00f3nde viene ni ad\u00f3nde va. As\u00ed es todo lo que ha nacido del Esp\u00edritu\u00bb.<\/p>\n\n\n\n<p><strong>COMENTARIO ORANTE<\/strong><\/p>\n\n\n\n<p>La Iglesia nos llama a vivir la vida nueva del Resucitado. Nicodemo representa nuestras b\u00fasquedas inseguras, y Jes\u00fas le ense\u00f1a que es necesario \u201cnacer de nuevo\u201d, dej\u00e1ndonos transformar por el Esp\u00edritu.<\/p>\n\n\n\n<p>La Pascua es renovaci\u00f3n interior: por el Bautismo somos criaturas nuevas y cada d\u00eda debemos reavivar esa gracia. Esto se vive empezando de nuevo, reconcili\u00e1ndonos y pasando de una fe t\u00edmida a una entrega confiada.<\/p>\n\n\n\n<p><strong>PALABRA DE LOS M\u00cdSTICOS<\/strong><\/p>\n\n\n\n<p>Escribe santa Isabel de la Trinidad:<\/p>\n\n\n\n<p>\u00abSi hici\u00e9ramos crecer a Dios cada d\u00eda en nuestra alma, \u00a1qu\u00e9 gran seguridad nos dar\u00eda eso al comparecer un d\u00eda ante su santidad infinita! Creo que usted ha encontrado el secreto y que a esa meta divina se llega por la renuncia: mediante ella morimos a nosotros mismos para dejarle todo el lugar a Dios. \u00bfSe acuerda de aquella hermosa p\u00e1gina del Evangelio de san Juan donde Jes\u00fas le dice a Nicodemo: \u201cTe lo aseguro, el que no nazca de nuevo no puede ver el Reino de Dios\u201d [Jn 3,3]?<br>Renov\u00e9monos, pues, en el interior de nuestra alma [\u2026] Esto se hace con suavidad y sencillez, alej\u00e1ndose de todo lo que no sea Dios. Entonces el alma ya no tiene ni temores ni deseos y su voluntad est\u00e1 totalmente perdida en la de Dios\u00bb<\/p>\n\n\n\n<p><em>(Carta 224 (203). A la Sra. de Angles. [Carmelo de Dijon, poco antes del 8 de marzo de 1905]).<\/em><\/p>\n\n\n\n<p><strong>CANTO.<\/strong>\u00a0<strong>JES\u00daS, <\/strong>Ain Karem. CD:\u00a0<em>Fuego en las entra\u00f1as<\/em>, n\u00ba 8.<\/p>\n\n\n\n<p><strong>ORACI\u00d3N<\/strong><\/p>\n\n\n\n<p><em>Padre bueno,<br>te damos gracias por la vida nueva<br>que nos regalas en la Pascua.<br>Ens\u00e9\u00f1anos a comenzar de nuevo con confianza<br>y a dejarnos transformar<br>por tu Palabra viva.<\/em><\/p>\n\n\n\n<p><em>Esp\u00edritu Santo,<br>soplo divino,<br>entra en nuestras noches,<br>cond\u00facenos hacia la luz<br>y fortalece nuestra esperanza.<\/em><\/p>\n\n\n\n<p><em>Y t\u00fa, Mar\u00eda, Madre,<br>acomp\u00e1\u00f1anos siempre,<br>para que vivamos como testigos<br>de este nacimiento de lo alto.<br>Am\u00e9n.<\/em><\/p>\n\n\n\n<p>CIPE<\/p>\n","protected":false},"excerpt":{"rendered":"<p>LUNES DE LA SEGUNDA SEMANA DE PASCUA MOTIVACI\u00d3N Se\u00f1or Jes\u00fas, con la luz pascual nos invitas a comenzar de nuevo. Como a Nicodemo, nos llamas en la noche de nuestras dudas y nos conduces hacia el amanecer del Esp\u00edritu. Haznos comprender que la fe no es solo saber, sino nacer de lo alto; no es [&hellip;]<\/p>\n","protected":false},"author":1,"featured_media":0,"comment_status":"open","ping_status":"open","sticky":false,"template":"","format":"standard","meta":{"footnotes":""},"categories":[1],"tags":[],"class_list":["post-14290","post","type-post","status-publish","format-standard","hentry","category-uncategorized"],"_links":{"self":[{"href":"https:\/\/cipecar.org\/desarrolloapp\/wp-json\/wp\/v2\/posts\/14290","targetHints":{"allow":["GET"]}}],"collection":[{"href":"https:\/\/cipecar.org\/desarrolloapp\/wp-json\/wp\/v2\/posts"}],"about":[{"href":"https:\/\/cipecar.org\/desarrolloapp\/wp-json\/wp\/v2\/types\/post"}],"author":[{"embeddable":true,"href":"https:\/\/cipecar.org\/desarrolloapp\/wp-json\/wp\/v2\/users\/1"}],"replies":[{"embeddable":true,"href":"https:\/\/cipecar.org\/desarrolloapp\/wp-json\/wp\/v2\/comments?post=14290"}],"version-history":[{"count":1,"href":"https:\/\/cipecar.org\/desarrolloapp\/wp-json\/wp\/v2\/posts\/14290\/revisions"}],"predecessor-version":[{"id":14291,"href":"https:\/\/cipecar.org\/desarrolloapp\/wp-json\/wp\/v2\/posts\/14290\/revisions\/14291"}],"wp:attachment":[{"href":"https:\/\/cipecar.org\/desarrolloapp\/wp-json\/wp\/v2\/media?parent=14290"}],"wp:term":[{"taxonomy":"category","embeddable":true,"href":"https:\/\/cipecar.org\/desarrolloapp\/wp-json\/wp\/v2\/categories?post=14290"},{"taxonomy":"post_tag","embeddable":true,"href":"https:\/\/cipecar.org\/desarrolloapp\/wp-json\/wp\/v2\/tags?post=14290"}],"curies":[{"name":"wp","href":"https:\/\/api.w.org\/{rel}","templated":true}]}}