{"id":14305,"date":"2026-04-09T12:56:39","date_gmt":"2026-04-09T10:56:39","guid":{"rendered":"https:\/\/cipecar.org\/desarrolloapp\/?p=14305"},"modified":"2026-04-09T12:56:43","modified_gmt":"2026-04-09T10:56:43","slug":"evangelio-del-dia-14-de-abril-3","status":"publish","type":"post","link":"https:\/\/cipecar.org\/desarrolloapp\/2026\/04\/09\/evangelio-del-dia-14-de-abril-3\/","title":{"rendered":"Evangelio del d\u00eda 14 de abril"},"content":{"rendered":"\n<p><strong>MARTES DE LA SEGUNDA SEMANA DE PASCUA<\/strong><\/p>\n\n\n\n<p><strong>DEL EVANGELIO DE SAN MATEO 11, 25-30<\/strong><\/p>\n\n\n\n<p>En aquel momento tom\u00f3 la palabra Jes\u00fas y dijo:<br>\u00abTe doy gracias, Padre, Se\u00f1or del cielo y de la tierra, porque has escondido estas cosas a los sabios y entendidos, y se las has revelado a los peque\u00f1os. S\u00ed, Padre, as\u00ed te ha parecido bien. Todo me ha sido entregado por mi Padre, y nadie conoce al Hijo m\u00e1s que el Padre, y nadie conoce al Padre sino el Hijo y aquel a quien el Hijo se lo quiera revelar. Venid a m\u00ed todos los que est\u00e1is cansados y agobiados, y yo os aliviar\u00e9. Tomad mi yugo sobre vosotros y aprended de m\u00ed, que soy manso y humilde de coraz\u00f3n, y encontrar\u00e9is descanso para vuestras almas. Porque mi yugo es llevadero y mi carga ligera\u00bb.<\/p>\n\n\n\n<figure class=\"wp-block-image aligncenter size-full\"><img loading=\"lazy\" decoding=\"async\" width=\"650\" height=\"308\" src=\"https:\/\/cipecar.org\/desarrolloapp\/wp-content\/uploads\/2026\/04\/1-Evangelio-Pascua-Semanas-3.jpg\" alt=\"\" class=\"wp-image-14306\" srcset=\"https:\/\/cipecar.org\/desarrolloapp\/wp-content\/uploads\/2026\/04\/1-Evangelio-Pascua-Semanas-3.jpg 650w, https:\/\/cipecar.org\/desarrolloapp\/wp-content\/uploads\/2026\/04\/1-Evangelio-Pascua-Semanas-3-300x142.jpg 300w\" sizes=\"auto, (max-width: 650px) 100vw, 650px\" \/><\/figure>\n","protected":false},"excerpt":{"rendered":"<p>MARTES DE LA SEGUNDA SEMANA DE PASCUA DEL EVANGELIO DE SAN MATEO 11, 25-30 En aquel momento tom\u00f3 la palabra Jes\u00fas y dijo:\u00abTe doy gracias, Padre, Se\u00f1or del cielo y de la tierra, porque has escondido estas cosas a los sabios y entendidos, y se las has revelado a los peque\u00f1os. S\u00ed, Padre, as\u00ed te [&hellip;]<\/p>\n","protected":false},"author":1,"featured_media":0,"comment_status":"open","ping_status":"open","sticky":false,"template":"","format":"standard","meta":{"footnotes":""},"categories":[1],"tags":[],"class_list":["post-14305","post","type-post","status-publish","format-standard","hentry","category-uncategorized"],"_links":{"self":[{"href":"https:\/\/cipecar.org\/desarrolloapp\/wp-json\/wp\/v2\/posts\/14305","targetHints":{"allow":["GET"]}}],"collection":[{"href":"https:\/\/cipecar.org\/desarrolloapp\/wp-json\/wp\/v2\/posts"}],"about":[{"href":"https:\/\/cipecar.org\/desarrolloapp\/wp-json\/wp\/v2\/types\/post"}],"author":[{"embeddable":true,"href":"https:\/\/cipecar.org\/desarrolloapp\/wp-json\/wp\/v2\/users\/1"}],"replies":[{"embeddable":true,"href":"https:\/\/cipecar.org\/desarrolloapp\/wp-json\/wp\/v2\/comments?post=14305"}],"version-history":[{"count":1,"href":"https:\/\/cipecar.org\/desarrolloapp\/wp-json\/wp\/v2\/posts\/14305\/revisions"}],"predecessor-version":[{"id":14307,"href":"https:\/\/cipecar.org\/desarrolloapp\/wp-json\/wp\/v2\/posts\/14305\/revisions\/14307"}],"wp:attachment":[{"href":"https:\/\/cipecar.org\/desarrolloapp\/wp-json\/wp\/v2\/media?parent=14305"}],"wp:term":[{"taxonomy":"category","embeddable":true,"href":"https:\/\/cipecar.org\/desarrolloapp\/wp-json\/wp\/v2\/categories?post=14305"},{"taxonomy":"post_tag","embeddable":true,"href":"https:\/\/cipecar.org\/desarrolloapp\/wp-json\/wp\/v2\/tags?post=14305"}],"curies":[{"name":"wp","href":"https:\/\/api.w.org\/{rel}","templated":true}]}}