{"id":14347,"date":"2026-04-09T18:12:09","date_gmt":"2026-04-09T16:12:09","guid":{"rendered":"https:\/\/cipecar.org\/desarrolloapp\/?p=14347"},"modified":"2026-04-09T18:12:12","modified_gmt":"2026-04-09T16:12:12","slug":"lectura-del-dia-17-de-abril-3","status":"publish","type":"post","link":"https:\/\/cipecar.org\/desarrolloapp\/2026\/04\/09\/lectura-del-dia-17-de-abril-3\/","title":{"rendered":"Lectura del d\u00eda 17 de abril"},"content":{"rendered":"\n<p><strong>VIERNES DE LA SEGUNDA SEMANA DE PASCUA<\/strong><\/p>\n\n\n\n<p><strong>MOTIVACI\u00d3N<\/strong><\/p>\n\n\n\n<p>Se\u00f1or Jes\u00fas, Pan vivo bajado del cielo, en esta Pascua nos conduces al desierto de nuestras pobrezas para saciarnos con tu abundancia. T\u00fa conoces nuestras hambres m\u00e1s hondas y no permaneces indiferente. Danos un coraz\u00f3n disponible para ofrecer lo poco que somos y tenemos. Toma, Se\u00f1or, nuestra peque\u00f1ez y transf\u00f3rmala en bendici\u00f3n para muchos. Que aprendamos a confiar en tu providencia y a vivir agradecidos.<\/p>\n\n\n\n<p><strong>DEL EVANGELIO DE SAN JUAN 6, 1-15<\/strong><\/p>\n\n\n\n<p>En aquel tiempo, Jes\u00fas se march\u00f3 a la otra parte del mar de Galilea, o de Tiber\u00edades. Lo segu\u00eda mucha gente, porque hab\u00edan visto los signos que hac\u00eda con los enfermos.<br>Subi\u00f3 Jes\u00fas entonces a la monta\u00f1a y se sent\u00f3 all\u00ed con sus disc\u00edpulos.<br>Estaba cerca la Pascua, la fiesta de los jud\u00edos. Jes\u00fas entonces levant\u00f3 los ojos y, al ver que acud\u00eda mucha gente, dice a Felipe:<br>\u00ab\u00bfCon qu\u00e9 compraremos panes para que coman estos?\u00bb.<br>Lo dec\u00eda para probarlo, pues bien sab\u00eda \u00e9l lo que iba a hacer.<br>Felipe le contest\u00f3:<br>\u00abDoscientos denarios de pan no bastan para que a cada uno le toque un pedazo\u00bb.<br>Uno de sus disc\u00edpulos, Andr\u00e9s, el hermano de Sim\u00f3n Pedro, le dice:<br>\u00abAqu\u00ed hay un muchacho que tiene cinco panes de cebada y dos peces; pero \u00bfqu\u00e9 es eso para tantos?\u00bb.<br>Jes\u00fas dijo:<br>\u00abDecid a la gente que se siente en el suelo\u00bb.<br>Hab\u00eda mucha hierba en aquel sitio. Se sentaron; solo los hombres eran unos cinco mil.<br>Jes\u00fas tom\u00f3 los panes, dijo la acci\u00f3n de gracias y los reparti\u00f3 a los que estaban sentados, y lo mismo todo lo que quisieron del pescado.<br>Cuando se saciaron, dice a sus disc\u00edpulos:<br>\u00abRecoged los pedazos que han sobrado; que nada se pierda\u00bb.<br>Los recogieron y llenaron doce canastos con los pedazos de los cinco panes de cebada que sobraron a los que hab\u00edan comido. La gente entonces, al ver el signo que hab\u00eda hecho, dec\u00eda:<br>\u00abEste es verdaderamente el Profeta que va a venir al mundo\u00bb.<br>Jes\u00fas, sabiendo que iban a llev\u00e1rselo para proclamarlo rey, se retir\u00f3 otra vez a la monta\u00f1a \u00e9l solo.<\/p>\n\n\n\n<p><strong>COMENTARIO ORANTE<\/strong><\/p>\n\n\n\n<p>Jes\u00fas transforma la escasez en abundancia: con cinco panes y dos peces alimenta a la multitud, mostrando que lo poco ofrecido con confianza, en sus manos, basta. El gesto de tomar, dar gracias y repartir anticipa la Eucarist\u00eda, donde Cristo se entrega como Pan. Al recoger los fragmentos, se revela que nada se pierde ante Dios.<\/p>\n\n\n\n<p>Y cuando quieren hacerlo rey, el Evangelio recuerda que no se trata de buscar solo sus dones, sino de acogerlo a \u00c9l con fe. Pascua nos ense\u00f1a que Cristo transforma el ego\u00edsmo en comuni\u00f3n y nos llama a compartir con los dem\u00e1s.<\/p>\n\n\n\n<p><strong>PALABRA DE LOS M\u00cdSTICOS<\/strong><\/p>\n\n\n\n<p>Escribe santa Teresa Benedicta de la Cruz, Edith Stein:<\/p>\n\n\n\n<p>\u00abLa vida divina es amor, amor desbordante, desinteresado, que se regala libremente: amor que se inclina misericordiosamente hacia todo ser menesteroso; amor que cura lo enfermo y resucita lo muerto; amor que protege y cuida, nutre, ense\u00f1a y educa; amor que con los tristes se entristece y con los alegres se alegra, que para todo ser es servicial a fin de que llegue a ser aquello para lo que el Padre le ha creado\u00bb<\/p>\n\n\n\n<p><em>(Ethos 25).<\/em><\/p>\n\n\n\n<p><strong>CANTO.<\/strong>\u00a0<strong>DADLES DE COMER,<\/strong> Ain Karem. CD.\u00a0<em>Con \u00e9l la fiesta empez\u00f3<\/em>, n\u00ba 5.<\/p>\n\n\n\n<p><strong>ORACI\u00d3N<\/strong><\/p>\n\n\n\n<p><em>Padre providente,<br>gracias por darnos en Jes\u00fas<br>el Pan que sacia toda hambre;<br>ens\u00e9\u00f1anos a confiar<br>y a compartir con generosidad.<\/em><\/p>\n\n\n\n<p><em>Se\u00f1or Jes\u00fas, toma nuestra pobreza<br>y transf\u00f3rmala en amor<br>al servicio de los hermanos.<\/em><\/p>\n\n\n\n<p><em>Esp\u00edritu Santo, despierta en la Iglesia<br>el deseo de ser signo de comuni\u00f3n y esperanza.<\/em><\/p>\n\n\n\n<p><em>Mar\u00eda, ay\u00fadanos a ofrecer lo poco<br>y creer en la abundancia de Dios.<br>Que nuestra vida, alimentada por la Pascua,<br>sea pan partido para los hermanos. Am\u00e9n.<\/em><\/p>\n\n\n\n<p>CIPE<\/p>\n","protected":false},"excerpt":{"rendered":"<p>VIERNES DE LA SEGUNDA SEMANA DE PASCUA MOTIVACI\u00d3N Se\u00f1or Jes\u00fas, Pan vivo bajado del cielo, en esta Pascua nos conduces al desierto de nuestras pobrezas para saciarnos con tu abundancia. T\u00fa conoces nuestras hambres m\u00e1s hondas y no permaneces indiferente. Danos un coraz\u00f3n disponible para ofrecer lo poco que somos y tenemos. Toma, Se\u00f1or, nuestra [&hellip;]<\/p>\n","protected":false},"author":1,"featured_media":0,"comment_status":"open","ping_status":"open","sticky":false,"template":"","format":"standard","meta":{"footnotes":""},"categories":[1],"tags":[],"class_list":["post-14347","post","type-post","status-publish","format-standard","hentry","category-uncategorized"],"_links":{"self":[{"href":"https:\/\/cipecar.org\/desarrolloapp\/wp-json\/wp\/v2\/posts\/14347","targetHints":{"allow":["GET"]}}],"collection":[{"href":"https:\/\/cipecar.org\/desarrolloapp\/wp-json\/wp\/v2\/posts"}],"about":[{"href":"https:\/\/cipecar.org\/desarrolloapp\/wp-json\/wp\/v2\/types\/post"}],"author":[{"embeddable":true,"href":"https:\/\/cipecar.org\/desarrolloapp\/wp-json\/wp\/v2\/users\/1"}],"replies":[{"embeddable":true,"href":"https:\/\/cipecar.org\/desarrolloapp\/wp-json\/wp\/v2\/comments?post=14347"}],"version-history":[{"count":1,"href":"https:\/\/cipecar.org\/desarrolloapp\/wp-json\/wp\/v2\/posts\/14347\/revisions"}],"predecessor-version":[{"id":14348,"href":"https:\/\/cipecar.org\/desarrolloapp\/wp-json\/wp\/v2\/posts\/14347\/revisions\/14348"}],"wp:attachment":[{"href":"https:\/\/cipecar.org\/desarrolloapp\/wp-json\/wp\/v2\/media?parent=14347"}],"wp:term":[{"taxonomy":"category","embeddable":true,"href":"https:\/\/cipecar.org\/desarrolloapp\/wp-json\/wp\/v2\/categories?post=14347"},{"taxonomy":"post_tag","embeddable":true,"href":"https:\/\/cipecar.org\/desarrolloapp\/wp-json\/wp\/v2\/tags?post=14347"}],"curies":[{"name":"wp","href":"https:\/\/api.w.org\/{rel}","templated":true}]}}