{"id":14361,"date":"2026-04-12T19:41:22","date_gmt":"2026-04-12T17:41:22","guid":{"rendered":"https:\/\/cipecar.org\/desarrolloapp\/?p=14361"},"modified":"2026-04-12T19:41:24","modified_gmt":"2026-04-12T17:41:24","slug":"lectura-del-dia-18-de-abril-3","status":"publish","type":"post","link":"https:\/\/cipecar.org\/desarrolloapp\/2026\/04\/12\/lectura-del-dia-18-de-abril-3\/","title":{"rendered":"Lectura del d\u00eda 18 de abril"},"content":{"rendered":"\n<p><strong>S\u00c1BADO DE LA SEGUNDA SEMANA DE PASCUA<\/strong><\/p>\n\n\n\n<p><strong>MOTIVACI\u00d3N<\/strong><\/p>\n\n\n\n<p>Se\u00f1or Jes\u00fas, en la noche de nuestras tempestades caminas sobre las aguas agitadas y te acercas a nuestra barca. Cuando el miedo nos paraliza y el horizonte parece oscuro, tu voz nos devuelve la paz. Haznos reconocer tu presencia en medio de la prueba y confiar en tu palabra. \u00abSoy yo, no tem\u00e1is\u00bb. Que en esta Pascua aprendamos que ninguna tormenta es m\u00e1s fuerte que tu amor. T\u00fa eres el Se\u00f1or de la historia y de nuestras vidas. Fortalece nuestra fe para que, aun en la oscuridad, sepamos que est\u00e1s cerca y nos conduces a puerto seguro.<\/p>\n\n\n\n<p><strong>DEL EVANGELIO DE SAN JUAN 6, 16-21<\/strong><\/p>\n\n\n\n<p>Al oscurecer, los disc\u00edpulos de Jes\u00fas bajaron al mar, embarcaron y empezaron la traves\u00eda hacia Cafarna\u00fan. Era ya noche cerrada, y todav\u00eda Jes\u00fas no los hab\u00eda alcanzado; soplaba un viento fuerte, y el lago se iba encrespando. Hab\u00edan remado unos veinticinco o treinta estadios, cuando vieron a Jes\u00fas que se acercaba a la barca, caminando sobre el mar, y se asustaron.<br>Pero \u00e9l les dijo:<br>\u00abSoy yo, no tem\u00e1is\u00bb.<br>Quer\u00edan recogerlo a bordo, pero la barca toc\u00f3 tierra en seguida, en el sitio adonde iban.<\/p>\n\n\n\n<p><strong>COMENTARIO ORANTE<\/strong><\/p>\n\n\n\n<p>La palabra de Jes\u00fas ilumina los momentos en que la vida se vuelve \u201cnoche\u201d: cansancio, preocupaciones, incertidumbre y miedo. Jes\u00fas no espera a que pase la tormenta; se acerca en medio del oleaje y nos serena con su paz. La fe nos ayuda a reconocerlo y a acogerlo con una oraci\u00f3n sencilla: \u201cSe\u00f1or, entra en mi vida y gu\u00eda mi camino\u201d.<\/p>\n\n\n\n<p>Con Cristo dentro, cambia el centro: ya no manda el miedo, sino \u00c9l. Aunque las olas no desaparezcan de inmediato, se renuevan la paz y la esperanza. Pascua es aprender a escuchar su voz en medio del viento y confiar, dando el siguiente paso con amor.<\/p>\n\n\n\n<p><strong>PALABRA DE LOS M\u00cdSTICOS<\/strong><\/p>\n\n\n\n<p>Escribe santa Teresita:<\/p>\n\n\n\n<p>\u00abManteng\u00e1monos, pues, muy lejos de todo lo que brilla, amemos nuestra peque\u00f1ez, amemos no sentir nada. Entonces seremos pobres de esp\u00edritu y Jes\u00fas vendr\u00e1 a [v\u00ba], buscarnos, por lejos que nos encontremos, y nos transformar\u00e1 en llamas de amor&#8230; \u00a1Ay, c\u00f3mo quisiera hacerte comprender lo que yo siento&#8230;! La confianza, y nada m\u00e1s que la confianza, puede conducirnos al amor\u00bb<\/p>\n\n\n\n<p><em>(Carta 197. A sor Mar\u00eda del Sagrado Coraz\u00f3n, 17 de septiembre de 1896).<\/em><\/p>\n\n\n\n<p><strong>CANTO.\u00a0\u00a1\u00c1NIMO!, SOY YO.<\/strong> Ain Karem. CD:\u00a0<em>Con \u00e9l la fiesta empez\u00f3<\/em>, n\u00ba 10<\/p>\n\n\n\n<p><strong>ORACI\u00d3N<\/strong><\/p>\n\n\n\n<p><em>Padre fiel,<br>gracias porque no nos abandonas en la noche.<\/em><\/p>\n\n\n\n<p><em>Jes\u00fas resucitado,<br>haznos escuchar tu voz<br>y trae paz a nuestra barca.<\/em><\/p>\n\n\n\n<p><em>Esp\u00edritu Santo,<br>fortalece nuestra confianza,<br>danos serenidad<br>para atravesar las pruebas con esperanza.<\/em><\/p>\n\n\n\n<p><em>Mar\u00eda, estrella del mar, acomp\u00e1\u00f1anos<br>para perseverar en la fe<br>hasta llegar al puerto del Amor. Am\u00e9n.<\/em><\/p>\n\n\n\n<p>CIPE<\/p>\n","protected":false},"excerpt":{"rendered":"<p>S\u00c1BADO DE LA SEGUNDA SEMANA DE PASCUA MOTIVACI\u00d3N Se\u00f1or Jes\u00fas, en la noche de nuestras tempestades caminas sobre las aguas agitadas y te acercas a nuestra barca. Cuando el miedo nos paraliza y el horizonte parece oscuro, tu voz nos devuelve la paz. Haznos reconocer tu presencia en medio de la prueba y confiar en [&hellip;]<\/p>\n","protected":false},"author":1,"featured_media":0,"comment_status":"open","ping_status":"open","sticky":false,"template":"","format":"standard","meta":{"footnotes":""},"categories":[1],"tags":[],"class_list":["post-14361","post","type-post","status-publish","format-standard","hentry","category-uncategorized"],"_links":{"self":[{"href":"https:\/\/cipecar.org\/desarrolloapp\/wp-json\/wp\/v2\/posts\/14361","targetHints":{"allow":["GET"]}}],"collection":[{"href":"https:\/\/cipecar.org\/desarrolloapp\/wp-json\/wp\/v2\/posts"}],"about":[{"href":"https:\/\/cipecar.org\/desarrolloapp\/wp-json\/wp\/v2\/types\/post"}],"author":[{"embeddable":true,"href":"https:\/\/cipecar.org\/desarrolloapp\/wp-json\/wp\/v2\/users\/1"}],"replies":[{"embeddable":true,"href":"https:\/\/cipecar.org\/desarrolloapp\/wp-json\/wp\/v2\/comments?post=14361"}],"version-history":[{"count":1,"href":"https:\/\/cipecar.org\/desarrolloapp\/wp-json\/wp\/v2\/posts\/14361\/revisions"}],"predecessor-version":[{"id":14362,"href":"https:\/\/cipecar.org\/desarrolloapp\/wp-json\/wp\/v2\/posts\/14361\/revisions\/14362"}],"wp:attachment":[{"href":"https:\/\/cipecar.org\/desarrolloapp\/wp-json\/wp\/v2\/media?parent=14361"}],"wp:term":[{"taxonomy":"category","embeddable":true,"href":"https:\/\/cipecar.org\/desarrolloapp\/wp-json\/wp\/v2\/categories?post=14361"},{"taxonomy":"post_tag","embeddable":true,"href":"https:\/\/cipecar.org\/desarrolloapp\/wp-json\/wp\/v2\/tags?post=14361"}],"curies":[{"name":"wp","href":"https:\/\/api.w.org\/{rel}","templated":true}]}}