{"id":14366,"date":"2026-04-12T19:51:32","date_gmt":"2026-04-12T17:51:32","guid":{"rendered":"https:\/\/cipecar.org\/desarrolloapp\/?p=14366"},"modified":"2026-04-12T19:51:35","modified_gmt":"2026-04-12T17:51:35","slug":"grabacion-del-dia-18-de-abril-3","status":"publish","type":"post","link":"https:\/\/cipecar.org\/desarrolloapp\/2026\/04\/12\/grabacion-del-dia-18-de-abril-3\/","title":{"rendered":"Grabaci\u00f3n del d\u00eda 18 de abril"},"content":{"rendered":"\n<p><strong>S\u00c1BADO DE LA SEGUNDA SEMANA DE PASCUA<\/strong><\/p>\n\n\n\n<figure class=\"wp-block-audio\"><audio controls src=\"https:\/\/cipecar.org\/desarrolloapp\/wp-content\/uploads\/2026\/04\/18abril2026-PAS-A_2.mp3\"><\/audio><\/figure>\n\n\n\n<figure class=\"wp-block-image size-full\"><img loading=\"lazy\" decoding=\"async\" width=\"1792\" height=\"1024\" src=\"https:\/\/cipecar.org\/desarrolloapp\/wp-content\/uploads\/2026\/04\/Jesus-camina-sobre-agua.webp\" alt=\"\" class=\"wp-image-14369\" srcset=\"https:\/\/cipecar.org\/desarrolloapp\/wp-content\/uploads\/2026\/04\/Jesus-camina-sobre-agua.webp 1792w, https:\/\/cipecar.org\/desarrolloapp\/wp-content\/uploads\/2026\/04\/Jesus-camina-sobre-agua-300x171.webp 300w, https:\/\/cipecar.org\/desarrolloapp\/wp-content\/uploads\/2026\/04\/Jesus-camina-sobre-agua-1024x585.webp 1024w, https:\/\/cipecar.org\/desarrolloapp\/wp-content\/uploads\/2026\/04\/Jesus-camina-sobre-agua-768x439.webp 768w, https:\/\/cipecar.org\/desarrolloapp\/wp-content\/uploads\/2026\/04\/Jesus-camina-sobre-agua-1536x878.webp 1536w\" sizes=\"auto, (max-width: 1792px) 100vw, 1792px\" \/><\/figure>\n\n\n\n<p><strong>Texto de grabaci\u00f3n orante:<\/strong>&nbsp;CIPE<\/p>\n\n\n\n<p><strong>Tema instrumental:<\/strong>&nbsp;PASCUA<\/p>\n\n\n\n<p><strong>Voces de grabaci\u00f3n:<\/strong>&nbsp;Bruno Torres, Pedro \u00c1ngel Deza (ocd), M\u00eda Evans<\/p>\n","protected":false},"excerpt":{"rendered":"<p>S\u00c1BADO DE LA SEGUNDA SEMANA DE PASCUA Texto de grabaci\u00f3n orante:&nbsp;CIPE Tema instrumental:&nbsp;PASCUA Voces de grabaci\u00f3n:&nbsp;Bruno Torres, Pedro \u00c1ngel Deza (ocd), M\u00eda Evans<\/p>\n","protected":false},"author":1,"featured_media":0,"comment_status":"open","ping_status":"open","sticky":false,"template":"","format":"standard","meta":{"footnotes":""},"categories":[1],"tags":[],"class_list":["post-14366","post","type-post","status-publish","format-standard","hentry","category-uncategorized"],"_links":{"self":[{"href":"https:\/\/cipecar.org\/desarrolloapp\/wp-json\/wp\/v2\/posts\/14366","targetHints":{"allow":["GET"]}}],"collection":[{"href":"https:\/\/cipecar.org\/desarrolloapp\/wp-json\/wp\/v2\/posts"}],"about":[{"href":"https:\/\/cipecar.org\/desarrolloapp\/wp-json\/wp\/v2\/types\/post"}],"author":[{"embeddable":true,"href":"https:\/\/cipecar.org\/desarrolloapp\/wp-json\/wp\/v2\/users\/1"}],"replies":[{"embeddable":true,"href":"https:\/\/cipecar.org\/desarrolloapp\/wp-json\/wp\/v2\/comments?post=14366"}],"version-history":[{"count":1,"href":"https:\/\/cipecar.org\/desarrolloapp\/wp-json\/wp\/v2\/posts\/14366\/revisions"}],"predecessor-version":[{"id":14370,"href":"https:\/\/cipecar.org\/desarrolloapp\/wp-json\/wp\/v2\/posts\/14366\/revisions\/14370"}],"wp:attachment":[{"href":"https:\/\/cipecar.org\/desarrolloapp\/wp-json\/wp\/v2\/media?parent=14366"}],"wp:term":[{"taxonomy":"category","embeddable":true,"href":"https:\/\/cipecar.org\/desarrolloapp\/wp-json\/wp\/v2\/categories?post=14366"},{"taxonomy":"post_tag","embeddable":true,"href":"https:\/\/cipecar.org\/desarrolloapp\/wp-json\/wp\/v2\/tags?post=14366"}],"curies":[{"name":"wp","href":"https:\/\/api.w.org\/{rel}","templated":true}]}}