{"id":14375,"date":"2026-04-17T09:04:26","date_gmt":"2026-04-17T07:04:26","guid":{"rendered":"https:\/\/cipecar.org\/desarrolloapp\/?p=14375"},"modified":"2026-04-17T09:04:29","modified_gmt":"2026-04-17T07:04:29","slug":"lectura-del-dia-19-de-abril-2","status":"publish","type":"post","link":"https:\/\/cipecar.org\/desarrolloapp\/2026\/04\/17\/lectura-del-dia-19-de-abril-2\/","title":{"rendered":"Lectura del d\u00eda 19 de abril"},"content":{"rendered":"\n<p><strong>TERCER DOMINGO DE PASCUA<\/strong><\/p>\n\n\n\n<p><strong>MOTIVACI\u00d3N<\/strong><\/p>\n\n\n\n<p>Se\u00f1or Jes\u00fas resucitado, compa\u00f1ero de camino, muchas veces avanzamos con el coraz\u00f3n entristecido y los ojos incapaces de reconocerte. En esta Pascua ac\u00e9rcate a nuestras rutas cotidianas, escucha nuestras decepciones y enciende de nuevo la esperanza. Qu\u00e9date con nosotros cuando cae la tarde y el cansancio pesa. Abre nuestra inteligencia para comprender tu Palabra y partir contigo el Pan. Que la alegr\u00eda del encuentro transforme nuestra tristeza en anuncio valiente.<\/p>\n\n\n\n<p><strong>DEL EVANGELIO DE SAN LUCAS 24, 13-35<\/strong><\/p>\n\n\n\n<p>Aquel mismo d\u00eda (el primero de la semana), dos de los disc\u00edpulos de Jes\u00fas iban caminando a una aldea llamada Ema\u00fas, distante de Jerusal\u00e9n unos sesenta estadios; iban conversando entre ellos de todo lo que hab\u00eda sucedido. Mientras conversaban y discut\u00edan, Jes\u00fas en persona se acerc\u00f3 y se puso a caminar con ellos. Pero sus ojos no eran capaces de reconocerlo.<br>\u00c9l les dijo:<br>\u00ab\u00bfQu\u00e9 conversaci\u00f3n es esa que tra\u00e9is mientras vais de camino?\u00bb.<br>Ellos se detuvieron con aire entristecido, y uno de ellos, que se llamaba Cleof\u00e1s, le respondi\u00f3:<br>\u00ab\u00bfEres t\u00fa el \u00fanico forastero en Jerusal\u00e9n que no sabes lo que ha pasado all\u00ed estos d\u00edas?\u00bb.<br>\u00c9l les dijo:<br>\u00ab\u00bfQu\u00e9?\u00bb.<br>Ellos le contestaron:<br>\u00abLo de Jes\u00fas el Nazareno, que fue un profeta poderoso en obras y palabras, ante Dios y ante todo el pueblo; c\u00f3mo lo entregaron los sumos sacerdotes y nuestros jefes para que lo condenaran a muerte, y lo crucificaron. Nosotros esper\u00e1bamos que \u00e9l iba a liberar a Israel, pero, con todo esto, ya estamos en el tercer d\u00eda desde que esto sucedi\u00f3. Es verdad que algunas mujeres de nuestro grupo nos han sobresaltado, pues habiendo ido muy de ma\u00f1ana al sepulcro, y no habiendo encontrado su cuerpo, vinieron diciendo que incluso hab\u00edan visto una aparici\u00f3n de \u00e1ngeles, que dicen que est\u00e1 vivo. Algunos de los nuestros fueron tambi\u00e9n al sepulcro y lo encontraron como hab\u00edan dicho las mujeres; pero a \u00e9l no lo vieron\u00bb.<br>Entonces \u00e9l les dijo:<br>\u00ab\u00a1Qu\u00e9 necios y torpes sois para creer lo que dijeron los profetas! \u00bfNo era necesario que el Mes\u00edas padeciera esto y entrara as\u00ed en su gloria?\u00bb.<br>Y, comenzando por Mois\u00e9s y siguiendo por todos los profetas, les explic\u00f3 lo que se refer\u00eda a \u00e9l en todas las Escrituras.<br>Llegaron cerca de la aldea adonde iban y \u00e9l simul\u00f3 que iba a seguir caminando; pero ellos lo apremiaron, diciendo:<br>\u00abQu\u00e9date con nosotros, porque atardece y el d\u00eda va de ca\u00edda\u00bb.<br>Y entr\u00f3 para quedarse con ellos. Sentado a la mesa con ellos, tom\u00f3 el pan, pronunci\u00f3 la bendici\u00f3n, lo parti\u00f3 y se lo iba dando. A ellos se les abrieron los ojos y lo reconocieron.<br>Pero \u00e9l desapareci\u00f3 de su vista.<br>Y se dijeron el uno al otro:<br>\u00ab\u00bfNo ard\u00eda nuestro coraz\u00f3n mientras nos hablaba por el camino y nos explicaba las Escrituras?\u00bb.<br>Y, levant\u00e1ndose en aquel momento, se volvieron a Jerusal\u00e9n, donde encontraron reunidos a los Once con sus compa\u00f1eros, que estaban diciendo:<br>\u00abEra verdad, ha resucitado el Se\u00f1or y se ha aparecido a Sim\u00f3n\u00bb.<br>Y ellos contaron lo que les hab\u00eda pasado por el camino y c\u00f3mo lo hab\u00edan reconocido al partir el pan.<\/p>\n\n\n\n<p><strong>COMENTARIO ORANTE<\/strong><\/p>\n\n\n\n<p>El evangelio de Ema\u00fas nos muestra el camino de la fe pascual: los disc\u00edpulos, desanimados, se alejan, pero el Resucitado se acerca como compa\u00f1ero discreto. Jes\u00fas escucha su dolor, les explica las Escrituras y enciende en su coraz\u00f3n la esperanza. Lo reconocen al partir el pan, signo de la Eucarist\u00eda, y, entonces, pasan de la tristeza a la misi\u00f3n: regresan a anunciar que el Se\u00f1or vive.<\/p>\n\n\n\n<p>Este pasaje nos recuerda que Cristo camina con nosotros, ilumina nuestra historia y se deja encontrar en la Palabra y en el Pan compartido. Nos llama a pasar del desaliento al ardor misionero.<\/p>\n\n\n\n<p><strong>PALABRA DE LOS M\u00cdSTICOS<\/strong><\/p>\n\n\n\n<p>Escribe el hermano Lorenzo, carmelita franc\u00e9s:<\/p>\n\n\n\n<p>\u00abQu\u00e9date conmigo, Se\u00f1or, ahora que otro d\u00eda vivido en tu presencia, llega a su ocaso en el silencio. Ya no puedo hacer nada sin tu ayuda, ni siquiera pasar esta noche en paz. T\u00fa eres el \u00fanico que puede prevenir mis ca\u00eddas y el \u00fanico que puede sanarme cuando tropiezo. T\u00fa eres el \u00fanico que puede calmar la confusi\u00f3n de este d\u00eda y concederme una noche silenciosa y llena de paz. Esto te pido\u00bb<\/p>\n\n\n\n<p><em>(Vivir en la presencia de Dios. La espiritualidad cotidiana del hermano Lorenzo).<\/em><\/p>\n\n\n\n<p><strong>CANTO.<\/strong>\u00a0<strong>QU\u00c9DATE CON NOSOTROS,<\/strong> J\u00e9sed. Ministerio de M\u00fasica. CD:\u00a0<em>Qu\u00e9date con nosotros<\/em>, n\u00ba 12.<\/p>\n\n\n\n<p><strong>ORACI\u00d3N<\/strong><\/p>\n\n\n\n<p><em>Padre de misericordia,<br>gracias porque Jes\u00fas<br>camina con nosotros<br>y reaviva nuestra esperanza.<\/em><\/p>\n\n\n\n<p><em>Se\u00f1or,<br>ilum\u00ednanos con tu Palabra<br>y parte para nosotros<br>el Pan de vida.<br>Que nuestro coraz\u00f3n<br>arda con tu presencia<br>y nuestra fe se fortalezca<br>en la comunidad.<\/em><\/p>\n\n\n\n<p><em>Esp\u00edritu Santo,<br>transforma nuestra tristeza<br>en impulso misionero.<\/em><\/p>\n\n\n\n<p><em>Mar\u00eda, Madre fiel,<br>ens\u00e9\u00f1anos a reconocer al Resucitado<br>en la Palabra y en la Eucarist\u00eda<br>y a anunciar con alegr\u00eda<br>que vive para siempre.<br>Am\u00e9n.<\/em><\/p>\n\n\n\n<p>CIPE<\/p>\n","protected":false},"excerpt":{"rendered":"<p>TERCER DOMINGO DE PASCUA MOTIVACI\u00d3N Se\u00f1or Jes\u00fas resucitado, compa\u00f1ero de camino, muchas veces avanzamos con el coraz\u00f3n entristecido y los ojos incapaces de reconocerte. En esta Pascua ac\u00e9rcate a nuestras rutas cotidianas, escucha nuestras decepciones y enciende de nuevo la esperanza. Qu\u00e9date con nosotros cuando cae la tarde y el cansancio pesa. Abre nuestra inteligencia [&hellip;]<\/p>\n","protected":false},"author":1,"featured_media":0,"comment_status":"open","ping_status":"open","sticky":false,"template":"","format":"standard","meta":{"footnotes":""},"categories":[1],"tags":[],"class_list":["post-14375","post","type-post","status-publish","format-standard","hentry","category-uncategorized"],"_links":{"self":[{"href":"https:\/\/cipecar.org\/desarrolloapp\/wp-json\/wp\/v2\/posts\/14375","targetHints":{"allow":["GET"]}}],"collection":[{"href":"https:\/\/cipecar.org\/desarrolloapp\/wp-json\/wp\/v2\/posts"}],"about":[{"href":"https:\/\/cipecar.org\/desarrolloapp\/wp-json\/wp\/v2\/types\/post"}],"author":[{"embeddable":true,"href":"https:\/\/cipecar.org\/desarrolloapp\/wp-json\/wp\/v2\/users\/1"}],"replies":[{"embeddable":true,"href":"https:\/\/cipecar.org\/desarrolloapp\/wp-json\/wp\/v2\/comments?post=14375"}],"version-history":[{"count":1,"href":"https:\/\/cipecar.org\/desarrolloapp\/wp-json\/wp\/v2\/posts\/14375\/revisions"}],"predecessor-version":[{"id":14376,"href":"https:\/\/cipecar.org\/desarrolloapp\/wp-json\/wp\/v2\/posts\/14375\/revisions\/14376"}],"wp:attachment":[{"href":"https:\/\/cipecar.org\/desarrolloapp\/wp-json\/wp\/v2\/media?parent=14375"}],"wp:term":[{"taxonomy":"category","embeddable":true,"href":"https:\/\/cipecar.org\/desarrolloapp\/wp-json\/wp\/v2\/categories?post=14375"},{"taxonomy":"post_tag","embeddable":true,"href":"https:\/\/cipecar.org\/desarrolloapp\/wp-json\/wp\/v2\/tags?post=14375"}],"curies":[{"name":"wp","href":"https:\/\/api.w.org\/{rel}","templated":true}]}}