{"id":14404,"date":"2026-04-17T10:26:05","date_gmt":"2026-04-17T08:26:05","guid":{"rendered":"https:\/\/cipecar.org\/desarrolloapp\/?p=14404"},"modified":"2026-04-17T10:26:07","modified_gmt":"2026-04-17T08:26:07","slug":"lectura-del-dia-21-de-abril-3","status":"publish","type":"post","link":"https:\/\/cipecar.org\/desarrolloapp\/2026\/04\/17\/lectura-del-dia-21-de-abril-3\/","title":{"rendered":"Lectura del d\u00eda 21 de abril"},"content":{"rendered":"\n<p><strong>MARTES DE LA TERCERA SEMANA DE PASCUA<\/strong><\/p>\n\n\n\n<p><strong>MOTIVACI\u00d3N<\/strong><\/p>\n\n\n\n<p>Se\u00f1or Jes\u00fas, Pan vivo bajado del cielo, en este tiempo pascual nos acercamos a ti con hambre de verdad y de vida plena. T\u00fa conoces nuestras b\u00fasquedas, nuestras dudas y nuestras esperanzas. Como el pueblo en el desierto, tambi\u00e9n nosotros pedimos signos, pero hoy queremos abrir el coraz\u00f3n para reconocerte presente. Que tu palabra descienda a lo hondo de nuestra alma y despierte en nosotros una fe m\u00e1s confiada, m\u00e1s sencilla y m\u00e1s ardiente. Haznos desear el alimento que permanece para la vida eterna.<\/p>\n\n\n\n<p><strong>DEL EVANGELIO DE SAN JUAN 6, 30-35<\/strong><\/p>\n\n\n\n<p>En aquel tiempo, dijo la gente a Jes\u00fas:<br>\u00ab\u00bfY qu\u00e9 signo haces t\u00fa, para que veamos y creamos en ti? \u00bfCu\u00e1l es tu obra? Nuestros padres comieron el man\u00e1 en el desierto, como est\u00e1 escrito: \u201cPan del cielo les dio a comer\u201d\u00bb.<br>Jes\u00fas les respondi\u00f3:<br>\u00abEn verdad, en verdad os digo: no fue Mois\u00e9s quien os dio pan del cielo, sino que es mi Padre el que os da el verdadero pan del cielo. Porque el pan de Dios es el que baja del cielo y da vida al mundo\u00bb.<br>Entonces le dijeron:<br>\u00abSe\u00f1or, danos siempre de ese pan\u00bb.<br>Jes\u00fas les contest\u00f3:<br>\u00abYo soy el pan de vida. El que viene a m\u00ed no tendr\u00e1 hambre, y el que cree en m\u00ed no tendr\u00e1 sed jam\u00e1s\u00bb.<\/p>\n\n\n\n<p><strong>COMENTARIO ORANTE<\/strong><\/p>\n\n\n\n<p>En la luz de la Pascua, la Iglesia nos conduce a profundizar en el misterio de Cristo como verdadero alimento. La multitud pide un signo como el man\u00e1 del desierto, pero Jes\u00fas muestra que el don del Padre es mayor: \u00c9l mismo es el Pan que da vida al mundo.<\/p>\n\n\n\n<p>Nos invita a venir a \u00e9l, creer en \u00e9l, alimentarnos de su Palabra y de la Eucarist\u00eda. Quien se acerca con fe encuentra que su hambre interior se va saciando y recibe esperanza, porque Jes\u00fas nos sostiene y nos conduce a la vida eterna.<br>En Pascua celebramos esta vida nueva que brota del Resucitado.<\/p>\n\n\n\n<p><strong>PALABRA DE LOS M\u00cdSTICOS<\/strong><\/p>\n\n\n\n<p>Escribe san Juan de la Cruz:<\/p>\n\n\n\n<p><em>\u00ab\u00a1Que bien s\u00e9 yo la fonte que mana y corre,<br>aunque es de noche!<\/em><\/p>\n\n\n\n<p><em>Aquella eterna fonte est\u00e1 escondida,<br>que bien s\u00e9 yo do tiene su manida,<br>aunque es de noche.<\/em><\/p>\n\n\n\n<p><em>Su origen no lo s\u00e9, pues no le tiene,<br>mas s\u00e9 que todo origen de ella viene,<br>aunque es de noche.<\/em><\/p>\n\n\n\n<p><em>Aquesta eterna fonte est\u00e1 escondida<br>en este vivo pan por darnos vida,<br>aunque es de noche.<\/em><\/p>\n\n\n\n<p><em>Aqu\u00ed se est\u00e1 llamando a las criaturas,<br>y de esta agua se hartan, aunque a oscuras<br>porque es de noche.<\/em><\/p>\n\n\n\n<p><em>Aquesta viva fuente que deseo,<br>en este pan de vida yo la veo,<br>aunque es de noche\u00bb<\/em><\/p>\n\n\n\n<p><em>(Poes\u00eda 8: \u00a1Que bien s\u00e9 yo la fonte que mana y corre, aunque es de noche!).<\/em><\/p>\n\n\n\n<p><strong>CANTO:<\/strong>\u00a0<strong>SANTO DELEITE<\/strong>, Jos\u00e9 Manuel Montesinos y Paqui Alonso. CD:\u00a0<em>El canto nuestro de cada d\u00eda<\/em>, n\u00ba 38.<\/p>\n\n\n\n<p><strong>ORACI\u00d3N<\/strong><\/p>\n\n\n\n<p><em>Padre santo,<br>gracias porque en tu amor<br>nos has dado a Jes\u00fas,<br>Pan vivo del cielo.<\/em><\/p>\n\n\n\n<p><em>Se\u00f1or Jes\u00fas,<br>alimenta nuestra fe y esperanza.<br>Cuando el hambre de sentido nos visite,<br>cuando la sed de amor nos inquiete,<br>recu\u00e9rdanos que solo en ti<br>encontramos plenitud.<\/em><\/p>\n\n\n\n<p><em>Esp\u00edritu Santo,<br>despierta en nosotros<br>el deseo de la Eucarist\u00eda<br>y de la Palabra.<\/em><\/p>\n\n\n\n<p><em>Mar\u00eda, Madre fiel,<br>acomp\u00e1\u00f1anos<br>para acoger este don<br>y compartirlo con alegr\u00eda.<br>Am\u00e9n.<\/em><\/p>\n\n\n\n<p>CIPE<\/p>\n","protected":false},"excerpt":{"rendered":"<p>MARTES DE LA TERCERA SEMANA DE PASCUA MOTIVACI\u00d3N Se\u00f1or Jes\u00fas, Pan vivo bajado del cielo, en este tiempo pascual nos acercamos a ti con hambre de verdad y de vida plena. T\u00fa conoces nuestras b\u00fasquedas, nuestras dudas y nuestras esperanzas. Como el pueblo en el desierto, tambi\u00e9n nosotros pedimos signos, pero hoy queremos abrir el [&hellip;]<\/p>\n","protected":false},"author":1,"featured_media":0,"comment_status":"open","ping_status":"open","sticky":false,"template":"","format":"standard","meta":{"footnotes":""},"categories":[1],"tags":[],"class_list":["post-14404","post","type-post","status-publish","format-standard","hentry","category-uncategorized"],"_links":{"self":[{"href":"https:\/\/cipecar.org\/desarrolloapp\/wp-json\/wp\/v2\/posts\/14404","targetHints":{"allow":["GET"]}}],"collection":[{"href":"https:\/\/cipecar.org\/desarrolloapp\/wp-json\/wp\/v2\/posts"}],"about":[{"href":"https:\/\/cipecar.org\/desarrolloapp\/wp-json\/wp\/v2\/types\/post"}],"author":[{"embeddable":true,"href":"https:\/\/cipecar.org\/desarrolloapp\/wp-json\/wp\/v2\/users\/1"}],"replies":[{"embeddable":true,"href":"https:\/\/cipecar.org\/desarrolloapp\/wp-json\/wp\/v2\/comments?post=14404"}],"version-history":[{"count":1,"href":"https:\/\/cipecar.org\/desarrolloapp\/wp-json\/wp\/v2\/posts\/14404\/revisions"}],"predecessor-version":[{"id":14405,"href":"https:\/\/cipecar.org\/desarrolloapp\/wp-json\/wp\/v2\/posts\/14404\/revisions\/14405"}],"wp:attachment":[{"href":"https:\/\/cipecar.org\/desarrolloapp\/wp-json\/wp\/v2\/media?parent=14404"}],"wp:term":[{"taxonomy":"category","embeddable":true,"href":"https:\/\/cipecar.org\/desarrolloapp\/wp-json\/wp\/v2\/categories?post=14404"},{"taxonomy":"post_tag","embeddable":true,"href":"https:\/\/cipecar.org\/desarrolloapp\/wp-json\/wp\/v2\/tags?post=14404"}],"curies":[{"name":"wp","href":"https:\/\/api.w.org\/{rel}","templated":true}]}}