{"id":14436,"date":"2026-04-17T11:08:43","date_gmt":"2026-04-17T09:08:43","guid":{"rendered":"https:\/\/cipecar.org\/desarrolloapp\/?p=14436"},"modified":"2026-04-17T11:08:45","modified_gmt":"2026-04-17T09:08:45","slug":"lectura-del-dia-23-de-abril-3","status":"publish","type":"post","link":"https:\/\/cipecar.org\/desarrolloapp\/2026\/04\/17\/lectura-del-dia-23-de-abril-3\/","title":{"rendered":"Lectura del d\u00eda 23 de abril"},"content":{"rendered":"\n<p><strong>JUEVES DE LA TERCERA SEMANA DE PASCUA<\/strong><\/p>\n\n\n\n<p><strong>MOTIVACI\u00d3N<\/strong><\/p>\n\n\n\n<p>Se\u00f1or Jes\u00fas, Pan vivo bajado del cielo, en esta Pascua nos acercamos a tu Palabra con deseo sincero de dejarnos atraer por el Padre. Sabemos que la fe es don y gracia, llamada interior que nos conduce hacia ti. Hoy escuchamos tu promesa: \u00abYo soy el pan vivo que ha bajado del cielo; el que coma de este pan vivir\u00e1 para siempre\u00bb. Que esta verdad ilumine nuestra vida y despierte en nosotros hambre de eternidad. Que no endurezcamos el coraz\u00f3n ante tu invitaci\u00f3n y que aprendamos a dejarnos ense\u00f1ar por Dios. Conduce nuestros pasos hacia la comuni\u00f3n contigo, fuente de vida y de resurrecci\u00f3n.<\/p>\n\n\n\n<p><strong>DEL EVANGELIO DE SAN JUAN 6, 44-51<\/strong><\/p>\n\n\n\n<p>En aquel tiempo, dijo Jes\u00fas al gent\u00edo:<br>\u00abNadie puede venir a m\u00ed si no lo atrae el Padre que me ha enviado, y yo lo resucitar\u00e9 en el \u00faltimo d\u00eda.<br>Est\u00e1 escrito en los profetas: \u201cSer\u00e1n todos disc\u00edpulos de Dios\u201d. Todo el que escucha al Padre y aprende, viene a m\u00ed.<br>No es que alguien haya visto al Padre, a no ser el que est\u00e1 junto a Dios: ese ha visto al Padre. En verdad, en verdad os digo: el que cree tiene vida eterna.<br>Yo soy el pan de la vida. Vuestros padres comieron en el desierto el man\u00e1 y murieron; este es el pan que baja del cielo, para que el hombre coma de \u00e9l y no muera.<br>Yo soy el pan vivo que ha bajado del cielo; el que coma de este pan vivir\u00e1 para siempre.<br>Y el pan que yo dar\u00e9 es mi carne por la vida del mundo\u00bb.<\/p>\n\n\n\n<p><strong>COMENTARIO ORANTE<\/strong><\/p>\n\n\n\n<p>La fe es un don de gracia: venimos a Jes\u00fas porque el Padre nos atrae primero. La vida cristiana es un aprendizaje continuo, escuchando al Padre en el silencio y dej\u00e1ndonos conducir hacia Cristo.<\/p>\n\n\n\n<p>Jes\u00fas es el Pan vivo que se entrega por la vida del mundo y nos da vida eterna. Por eso estamos llamados a confiar en la acci\u00f3n de Dios, a escuchar su Palabra en familia y a vivir centrados en la Eucarist\u00eda, alimento que nos introduce ya en la vida eterna.<\/p>\n\n\n\n<p><strong>PALABRA DE LOS M\u00cdSTICOS<\/strong><\/p>\n\n\n\n<p>Escribe santa Teresa:<\/p>\n\n\n\n<p>\u00abTenga quien quisiere cuidado de pedir ese pan; nosotras pidamos al Padre Eterno merezcamos recibir el nuestro pan celestial de manera que, ya que los ojos del cuerpo no se pueden deleitar en mirarle por estar tan encubierto, se descubra a los del alma y se le d\u00e9 a conocer, que es otro mantenimiento de contentos y regalos y que sustenta la vida.<br>\u00bfPens\u00e1is que no es mantenimiento aun para estos cuerpos este sant\u00edsimo manjar, y gran medicina aun para los males corporales? Yo s\u00e9 que lo es\u00bb<\/p>\n\n\n\n<p><em>(Camino de perfecci\u00f3n (V) 34,5.6).<\/em><\/p>\n\n\n\n<p><strong>CANTO.<\/strong>\u00a0<strong>DANOS HOY<\/strong>, Ixc\u00eds. CD:\u00a0<em>Padre nuestro. Un nuevo modo de ser<\/em>, n\u00ba 10.<\/p>\n\n\n\n<p><strong>ORACI\u00d3N<\/strong><\/p>\n\n\n\n<p><em>Padre santo,<br>gracias porque nos atraes hacia Jes\u00fas,<br>fuente de vida y de verdad.<\/em><\/p>\n\n\n\n<p><em>Se\u00f1or Jes\u00fas, Pan vivo,<br>aumenta nuestra fe<br>y haznos vivir de tu entrega<br>para aprender a entregarnos<br>a los dem\u00e1s.<\/em><\/p>\n\n\n\n<p><em>Esp\u00edritu Santo,<br>ens\u00e9\u00f1anos a escuchar al Padre<br>y a caminar como disc\u00edpulos.<\/em><\/p>\n\n\n\n<p><em>Mar\u00eda, Madre fiel,<br>acomp\u00e1\u00f1anos<br>en nuestro itinerario pascual<br>y cond\u00facenos siempre hacia tu Hijo,<br>para que vivamos de \u00e9l y para \u00e9l.<br>Am\u00e9n.<\/em><\/p>\n\n\n\n<p>CIPE<\/p>\n","protected":false},"excerpt":{"rendered":"<p>JUEVES DE LA TERCERA SEMANA DE PASCUA MOTIVACI\u00d3N Se\u00f1or Jes\u00fas, Pan vivo bajado del cielo, en esta Pascua nos acercamos a tu Palabra con deseo sincero de dejarnos atraer por el Padre. Sabemos que la fe es don y gracia, llamada interior que nos conduce hacia ti. Hoy escuchamos tu promesa: \u00abYo soy el pan [&hellip;]<\/p>\n","protected":false},"author":1,"featured_media":0,"comment_status":"open","ping_status":"open","sticky":false,"template":"","format":"standard","meta":{"footnotes":""},"categories":[1],"tags":[],"class_list":["post-14436","post","type-post","status-publish","format-standard","hentry","category-uncategorized"],"_links":{"self":[{"href":"https:\/\/cipecar.org\/desarrolloapp\/wp-json\/wp\/v2\/posts\/14436","targetHints":{"allow":["GET"]}}],"collection":[{"href":"https:\/\/cipecar.org\/desarrolloapp\/wp-json\/wp\/v2\/posts"}],"about":[{"href":"https:\/\/cipecar.org\/desarrolloapp\/wp-json\/wp\/v2\/types\/post"}],"author":[{"embeddable":true,"href":"https:\/\/cipecar.org\/desarrolloapp\/wp-json\/wp\/v2\/users\/1"}],"replies":[{"embeddable":true,"href":"https:\/\/cipecar.org\/desarrolloapp\/wp-json\/wp\/v2\/comments?post=14436"}],"version-history":[{"count":1,"href":"https:\/\/cipecar.org\/desarrolloapp\/wp-json\/wp\/v2\/posts\/14436\/revisions"}],"predecessor-version":[{"id":14437,"href":"https:\/\/cipecar.org\/desarrolloapp\/wp-json\/wp\/v2\/posts\/14436\/revisions\/14437"}],"wp:attachment":[{"href":"https:\/\/cipecar.org\/desarrolloapp\/wp-json\/wp\/v2\/media?parent=14436"}],"wp:term":[{"taxonomy":"category","embeddable":true,"href":"https:\/\/cipecar.org\/desarrolloapp\/wp-json\/wp\/v2\/categories?post=14436"},{"taxonomy":"post_tag","embeddable":true,"href":"https:\/\/cipecar.org\/desarrolloapp\/wp-json\/wp\/v2\/tags?post=14436"}],"curies":[{"name":"wp","href":"https:\/\/api.w.org\/{rel}","templated":true}]}}