{"id":14466,"date":"2026-04-22T16:39:54","date_gmt":"2026-04-22T14:39:54","guid":{"rendered":"https:\/\/cipecar.org\/desarrolloapp\/?p=14466"},"modified":"2026-04-22T16:39:57","modified_gmt":"2026-04-22T14:39:57","slug":"lectura-del-dia-25-de-abril-3","status":"publish","type":"post","link":"https:\/\/cipecar.org\/desarrolloapp\/2026\/04\/22\/lectura-del-dia-25-de-abril-3\/","title":{"rendered":"Lectura del d\u00eda 25 de abril"},"content":{"rendered":"\n<p><strong>SAN MARCOS, evangelista, fiesta<\/strong><\/p>\n\n\n\n<p><strong>MOTIVACI\u00d3N<\/strong><\/p>\n\n\n\n<p>Se\u00f1or Jes\u00fas, en la fiesta de san Marcos, evangelista, te damos gracias por el don del Evangelio, Buena Noticia que sigue resonando en la Iglesia y en el mundo. T\u00fa enviaste a tus disc\u00edpulos con una misi\u00f3n universal y hoy esa palabra tambi\u00e9n nos alcanza a nosotros. Despierta en nuestro coraz\u00f3n el ardor misionero y la alegr\u00eda de anunciarte. Que no guardemos para nosotros el tesoro de tu Pascua, sino que lo compartamos con valent\u00eda y humildad. Haznos testigos cre\u00edbles de tu Resurrecci\u00f3n en medio de nuestra vida cotidiana.<\/p>\n\n\n\n<p><strong>DEL EVANGELIO DE SAN MARCOS 16, 15-20<\/strong><\/p>\n\n\n\n<p>En aquel tiempo, Jes\u00fas les dijo:<br>\u00abId al mundo entero y proclamad el Evangelio a toda la creaci\u00f3n. El que crea y sea bautizado se salvar\u00e1; el que no crea ser\u00e1 condenado. A los que crean, les acompa\u00f1ar\u00e1n estos signos: echar\u00e1n demonios en mi nombre, hablar\u00e1n lenguas nuevas, coger\u00e1n serpientes en sus manos y, si beben un veneno mortal, no les har\u00e1 da\u00f1o. Impondr\u00e1n las manos a los enfermos, y quedar\u00e1n sanos\u00bb.<br>Despu\u00e9s de hablarles, el Se\u00f1or Jes\u00fas fue llevado al cielo y se sent\u00f3 a la derecha de Dios. Ellos se fueron a predicar por todas partes, y el Se\u00f1or cooperaba confirmando la palabra con las se\u00f1ales que los acompa\u00f1aban.<\/p>\n\n\n\n<p><strong>COMENTARIO ORANTE<\/strong><\/p>\n\n\n\n<p>La Pascua es un dinamismo misionero: el Resucitado rompe fronteras geogr\u00e1ficas y existenciales y env\u00eda a sus disc\u00edpulos al mundo entero. El Evangelio es un don destinado a todos.<\/p>\n\n\n\n<p>La misi\u00f3n no se apoya solo en nuestras fuerzas, porque el Se\u00f1or sigue caminando con nosotros; \u00e9l mismo coopera y confirma su Palabra en la Iglesia, impuls\u00e1ndola a salir hacia las periferias. Por eso, cada bautizado est\u00e1 llamado a anunciar la fe.<br>La Pascua es celebraci\u00f3n y env\u00edo para llevar al mundo la vida nueva.<\/p>\n\n\n\n<p><strong>PALABRA DE LOS M\u00cdSTICOS<\/strong><\/p>\n\n\n\n<p>Escribe santa Teresita:<\/p>\n\n\n\n<p>\u00abTengo vocaci\u00f3n de ap\u00f3stol&#8230; Quisiera recorrer la tierra, predicar tu nombre y plantar tu Cruz gloriosa en suelo infiel. Pero Amado m\u00edo, una sola misi\u00f3n no ser\u00eda suficiente para m\u00ed. Quisiera anunciar el Evangelio al mismo tiempo en las cinco partes del mundo, y hasta en las islas m\u00e1s remotas&#8230;<br>Quisiera ser misionero no solo durante algunos a\u00f1os, sino que quisiera haberlo sido desde la creaci\u00f3n del mundo y serlo hasta la consumaci\u00f3n de los siglos&#8230;<br>Pero quisiera, por encima de todo, amado Salvador m\u00edo, quisiera derramar por ti mi sangre hasta la \u00faltima gota\u00bb<\/p>\n\n\n\n<p><em>(Historia de un Alma, Manuscrito B 3r\u00ba).<\/em><\/p>\n\n\n\n<p><strong>CANTO.<\/strong>\u00a0<strong>VOCACI\u00d3N AL AMOR,<\/strong> J\u00e9sed. Ministerio de M\u00fasica. CD:\u00a0<em>Coraz\u00f3n de arpa<\/em>, n\u00ba 2.<\/p>\n\n\n\n<p><strong>ORACI\u00d3N<\/strong><\/p>\n\n\n\n<p><em>Padre santo,<br>gracias por el don<br>del Evangelio<br>y por Jes\u00fas resucitado,<br>que sigue enviando<br>a su Iglesia al mundo.<\/em><\/p>\n\n\n\n<p><em>Se\u00f1or Jes\u00fas,<br>renueva en nosotros<br>la gracia del bautismo<br>y haznos testigos valientes<br>de tu Nombre.<\/em><\/p>\n\n\n\n<p><em>Esp\u00edritu Santo,<br>enciende en nosotros<br>el fuego misionero<br>y haz fecunda<br>nuestra entrega cotidiana.<\/em><\/p>\n\n\n\n<p><em>Mar\u00eda,<br>Reina de los ap\u00f3stoles,<br>acomp\u00e1\u00f1anos<br>para llevar a Cristo a todos<br>con ternura y alegr\u00eda pascual.<br>Am\u00e9n.<\/em><\/p>\n\n\n\n<p>CIPE<\/p>\n","protected":false},"excerpt":{"rendered":"<p>SAN MARCOS, evangelista, fiesta MOTIVACI\u00d3N Se\u00f1or Jes\u00fas, en la fiesta de san Marcos, evangelista, te damos gracias por el don del Evangelio, Buena Noticia que sigue resonando en la Iglesia y en el mundo. T\u00fa enviaste a tus disc\u00edpulos con una misi\u00f3n universal y hoy esa palabra tambi\u00e9n nos alcanza a nosotros. Despierta en nuestro [&hellip;]<\/p>\n","protected":false},"author":1,"featured_media":0,"comment_status":"open","ping_status":"open","sticky":false,"template":"","format":"standard","meta":{"footnotes":""},"categories":[1],"tags":[],"class_list":["post-14466","post","type-post","status-publish","format-standard","hentry","category-uncategorized"],"_links":{"self":[{"href":"https:\/\/cipecar.org\/desarrolloapp\/wp-json\/wp\/v2\/posts\/14466","targetHints":{"allow":["GET"]}}],"collection":[{"href":"https:\/\/cipecar.org\/desarrolloapp\/wp-json\/wp\/v2\/posts"}],"about":[{"href":"https:\/\/cipecar.org\/desarrolloapp\/wp-json\/wp\/v2\/types\/post"}],"author":[{"embeddable":true,"href":"https:\/\/cipecar.org\/desarrolloapp\/wp-json\/wp\/v2\/users\/1"}],"replies":[{"embeddable":true,"href":"https:\/\/cipecar.org\/desarrolloapp\/wp-json\/wp\/v2\/comments?post=14466"}],"version-history":[{"count":1,"href":"https:\/\/cipecar.org\/desarrolloapp\/wp-json\/wp\/v2\/posts\/14466\/revisions"}],"predecessor-version":[{"id":14467,"href":"https:\/\/cipecar.org\/desarrolloapp\/wp-json\/wp\/v2\/posts\/14466\/revisions\/14467"}],"wp:attachment":[{"href":"https:\/\/cipecar.org\/desarrolloapp\/wp-json\/wp\/v2\/media?parent=14466"}],"wp:term":[{"taxonomy":"category","embeddable":true,"href":"https:\/\/cipecar.org\/desarrolloapp\/wp-json\/wp\/v2\/categories?post=14466"},{"taxonomy":"post_tag","embeddable":true,"href":"https:\/\/cipecar.org\/desarrolloapp\/wp-json\/wp\/v2\/tags?post=14466"}],"curies":[{"name":"wp","href":"https:\/\/api.w.org\/{rel}","templated":true}]}}